{"id":4299,"date":"2024-08-02T16:38:13","date_gmt":"2024-08-02T13:38:13","guid":{"rendered":"https:\/\/mcplastik.net\/?p=4299"},"modified":"2024-08-02T16:38:13","modified_gmt":"2024-08-02T13:38:13","slug":"cekici-camurluklarinda-renk-ve-tasarim-secenekleri","status":"publish","type":"post","link":"https:\/\/mcplastik.net\/en\/cekici-camurluklarinda-renk-ve-tasarim-secenekleri\/","title":{"rendered":"\u00c7ekici \u00c7amurluklar\u0131nda Renk ve Tasar\u0131m Se\u00e7enekleri"},"content":{"rendered":"\n<p>\u00c7ekici \u00e7amurluklar\u0131, sadece arac\u0131n korunmas\u0131 ve performans\u0131 i\u00e7in de\u011fil, ayn\u0131 zamanda estetik a\u00e7\u0131dan da \u00f6nemli bir bile\u015fendir. Do\u011fru renk ve tasar\u0131m se\u00e7imi, arac\u0131n genel g\u00f6r\u00fcn\u00fcm\u00fcn\u00fc tamamlar ve onu daha \u00e7ekici hale getirir. Bu yaz\u0131da, \u00e7ekici \u00e7amurluklar\u0131nda mevcut olan renk ve tasar\u0131m se\u00e7eneklerini inceleyece\u011fiz ve bu se\u00e7imlerin nas\u0131l yap\u0131laca\u011f\u0131na dair ipu\u00e7lar\u0131 sunaca\u011f\u0131z.<\/p>\n\n\n\n<h2 class=\"wp-block-heading\"><strong>1. Renk Se\u00e7enekleri<\/strong><\/h2>\n\n\n\n<p>Renk se\u00e7imi, arac\u0131n estetik g\u00f6r\u00fcn\u00fcm\u00fcn\u00fc ve marka imaj\u0131n\u0131 g\u00fc\u00e7lendiren \u00f6nemli bir fakt\u00f6rd\u00fcr. \u00c7ekici \u00e7amurluklar\u0131, geni\u015f bir renk yelpazesinde sunulabilir ve arac\u0131n genel tasar\u0131m\u0131yla uyumlu hale getirilebilir.<\/p>\n\n\n\n<h3 class=\"wp-block-heading\"><strong>a. Standart Renkler<\/strong><\/h3>\n\n\n\n<ul class=\"wp-block-list\">\n<li><strong>Siyah:<\/strong> Siyah, en yayg\u0131n ve \u00e7ok y\u00f6nl\u00fc renk se\u00e7eneklerinden biridir. Hem modern hem de klasik bir g\u00f6r\u00fcn\u00fcm sunar. Siyah \u00e7amurluklar, ara\u00e7 \u00fczerindeki kir ve \u00e7amuru daha az g\u00f6sterir ve profesyonel bir g\u00f6r\u00fcn\u00fcm sa\u011flar.<\/li>\n\n\n\n<li><strong>Gri ve G\u00fcm\u00fc\u015f:<\/strong> Gri ve g\u00fcm\u00fc\u015f renkler, metalik bir g\u00f6r\u00fcn\u00fcm sa\u011flayarak arac\u0131n sofistike ve modern g\u00f6r\u00fcnmesini sa\u011flar. Bu renkler, \u00f6zellikle l\u00fcks ve prestijli ara\u00e7lar i\u00e7in tercih edilir.<\/li>\n\n\n\n<li><strong>Beyaz:<\/strong> Beyaz \u00e7amurluklar, temiz ve parlak bir g\u00f6r\u00fcn\u00fcm sunar. Genellikle ticari ara\u00e7larda tercih edilir, \u00e7\u00fcnk\u00fc beyaz renk, logolar ve grafiklerle iyi bir zemin sa\u011flar.<\/li>\n<\/ul>\n\n\n\n<h3 class=\"wp-block-heading\"><strong>b. \u00d6zel Renkler<\/strong><\/h3>\n\n\n\n<ul class=\"wp-block-list\">\n<li><strong>K\u0131rm\u0131z\u0131, Mavi, Ye\u015fil ve Di\u011fer \u00d6zel Renkler:<\/strong> Canl\u0131 renkler, arac\u0131n \u00f6ne \u00e7\u0131kmas\u0131n\u0131 sa\u011flar ve dikkat \u00e7ekici bir g\u00f6r\u00fcn\u00fcm sunar. Bu renkler, \u00f6zellikle marka kimli\u011fini vurgulamak ve ara\u00e7 filosunu \u00f6zelle\u015ftirmek isteyen firmalar taraf\u0131ndan tercih edilir.<\/li>\n<\/ul>\n\n\n\n<h3 class=\"wp-block-heading\"><strong>c. Mat ve Parlak Kaplamalar<\/strong><\/h3>\n\n\n\n<ul class=\"wp-block-list\">\n<li><strong>Mat Kaplama:<\/strong> Mat kaplamalar, zarif ve sofistike bir g\u00f6r\u00fcn\u00fcm sunar. Yans\u0131t\u0131c\u0131 olmayan y\u00fczeyleri sayesinde modern ve \u015f\u0131k bir estetik sa\u011flar.<\/li>\n\n\n\n<li><strong>Parlak Kaplama:<\/strong> Parlak kaplamalar, parlak ve yans\u0131t\u0131c\u0131 bir y\u00fczey sunarak \u00e7arp\u0131c\u0131 bir g\u00f6r\u00fcn\u00fcm sa\u011flar. Bu kaplamalar, arac\u0131n dikkat \u00e7ekmesini sa\u011flar ve temizli\u011fi kolayd\u0131r.<\/li>\n<\/ul>\n\n\n\n<h2 class=\"wp-block-heading\"><strong>2. Tasar\u0131m Se\u00e7enekleri<\/strong><\/h2>\n\n\n\n<p>\u00c7ekici \u00e7amurluklar\u0131n\u0131n tasar\u0131m\u0131, sadece estetik de\u011fil, ayn\u0131 zamanda i\u015flevsellik a\u00e7\u0131s\u0131ndan da \u00f6nemlidir. Aerodinamik yap\u0131lar, \u00f6zel desenler ve marka grafiklerini i\u00e7eren tasar\u0131mlar, arac\u0131n g\u00f6r\u00fcn\u00fcm\u00fcn\u00fc ve performans\u0131n\u0131 etkileyebilir.<\/p>\n\n\n\n<h3 class=\"wp-block-heading\"><strong>a. Aerodinamik Tasar\u0131mlar<\/strong><\/h3>\n\n\n\n<ul class=\"wp-block-list\">\n<li><strong>Hava Ak\u0131\u015f\u0131 ve Yak\u0131t Verimlili\u011fi:<\/strong> Aerodinamik olarak tasarlanm\u0131\u015f \u00e7amurluklar, hava direncini azaltarak yak\u0131t verimlili\u011fini art\u0131r\u0131r. Bu tasar\u0131mlar, genellikle yumu\u015fak ve ak\u0131c\u0131 hatlara sahip olup, arac\u0131n stabilitesini ve h\u0131z\u0131n\u0131 art\u0131r\u0131r.<\/li>\n<\/ul>\n\n\n\n<h3 class=\"wp-block-heading\"><strong>b. \u00d6zel Desen ve Grafikler<\/strong><\/h3>\n\n\n\n<ul class=\"wp-block-list\">\n<li><strong>Firma Logolar\u0131 ve Marka Renkleri:<\/strong> Ticari ara\u00e7lar i\u00e7in \u00e7amurluklar, firma logolar\u0131 ve marka renkleri ile \u00f6zelle\u015ftirilebilir. Bu, marka imaj\u0131n\u0131 g\u00fc\u00e7lendirir ve arac\u0131n tan\u0131t\u0131m\u0131n\u0131 yapar.<\/li>\n\n\n\n<li><strong>Ki\u015fiselle\u015ftirilmi\u015f Tasar\u0131mlar:<\/strong> \u00d6zel grafikler, \u00e7izimler ve desenler, \u00e7amurluklar\u0131n benzersiz ve dikkat \u00e7ekici olmas\u0131n\u0131 sa\u011flar. Bu t\u00fcr tasar\u0131mlar, ara\u00e7 sahiplerinin ki\u015fisel tarz\u0131n\u0131 yans\u0131t\u0131r ve arac\u0131n \u00f6ne \u00e7\u0131kmas\u0131n\u0131 sa\u011flar.<\/li>\n<\/ul>\n\n\n\n<h3 class=\"wp-block-heading\"><strong>c. Fonksiyonel \u00d6zellikler<\/strong><\/h3>\n\n\n\n<ul class=\"wp-block-list\">\n<li><strong>Entegre LED Ayd\u0131nlatmalar:<\/strong> Baz\u0131 modern \u00e7amurluklar, entegre LED ayd\u0131nlatmalarla donat\u0131lm\u0131\u015ft\u0131r. Bu ayd\u0131nlatmalar, arac\u0131n gece g\u00f6r\u00fcn\u00fcrl\u00fc\u011f\u00fcn\u00fc art\u0131r\u0131r ve \u015f\u0131k bir estetik sa\u011flar.<\/li>\n\n\n\n<li><strong>Ekstra Koruma Panelleri:<\/strong> Ekstra koruma sa\u011flayan tasar\u0131mlar, \u00e7amurluklar\u0131n darbelere kar\u015f\u0131 dayan\u0131kl\u0131l\u0131\u011f\u0131n\u0131 art\u0131r\u0131r. Bu paneller, \u00f6zellikle zorlu yol ko\u015fullar\u0131nda veya off-road kullan\u0131m\u0131nda avantaj sa\u011flar.<\/li>\n<\/ul>\n\n\n\n<h2 class=\"wp-block-heading\"><strong>3. Renk ve Tasar\u0131m Se\u00e7imi \u0130\u00e7in \u0130pu\u00e7lar\u0131<\/strong><\/h2>\n\n\n\n<h3 class=\"wp-block-heading\"><strong>a. Ara\u00e7 T\u00fcr\u00fcne ve Kullan\u0131m Amac\u0131na G\u00f6re Se\u00e7im<\/strong><\/h3>\n\n\n\n<p>Arac\u0131n t\u00fcr\u00fc ve kullan\u0131m amac\u0131, renk ve tasar\u0131m se\u00e7iminde \u00f6nemli bir rol oynar. Ticari ara\u00e7lar i\u00e7in marka renkleri ve logolar\u0131 i\u00e7eren tasar\u0131mlar tercih edilirken, ki\u015fisel ara\u00e7lar i\u00e7in daha \u00f6zg\u00fcn ve dikkat \u00e7ekici tasar\u0131mlar se\u00e7ilebilir.<\/p>\n\n\n\n<h3 class=\"wp-block-heading\"><strong>b. Uyum ve Kontrast<\/strong><\/h3>\n\n\n\n<p>Renk se\u00e7erken, \u00e7amurluklar\u0131n arac\u0131n genel renk paletiyle uyumlu olmas\u0131na dikkat edin. Uyumlu renkler, arac\u0131n estetik b\u00fct\u00fcnl\u00fc\u011f\u00fcn\u00fc korur. Kontrast renkler ise \u00e7amurluklar\u0131n \u00f6ne \u00e7\u0131kmas\u0131n\u0131 sa\u011flar ve dikkat \u00e7ekici bir g\u00f6r\u00fcn\u00fcm sunar.<\/p>\n\n\n\n<h3 class=\"wp-block-heading\"><strong>c. Dayan\u0131kl\u0131l\u0131k ve Bak\u0131m Kolayl\u0131\u011f\u0131<\/strong><\/h3>\n\n\n\n<p>Se\u00e7ilen renk ve kaplamalar\u0131n dayan\u0131kl\u0131l\u0131\u011f\u0131 ve bak\u0131m kolayl\u0131\u011f\u0131 da dikkate al\u0131nmal\u0131d\u0131r. Parlak kaplamalar daha kolay temizlenirken, mat kaplamalar daha fazla dikkat gerektirebilir. Ayr\u0131ca, darbelere ve \u00e7izilmelere kar\u015f\u0131 dayan\u0131kl\u0131 malzemeler se\u00e7mek \u00f6nemlidir.<\/p>\n","protected":false},"excerpt":{"rendered":"<p>\u00c7ekici \u00e7amurluklar\u0131, sadece arac\u0131n korunmas\u0131 ve performans\u0131 i\u00e7in de\u011fil, ayn\u0131 zamanda estetik a\u00e7\u0131dan da \u00f6nemli bir bile\u015fendir. Do\u011fru renk ve tasar\u0131m se\u00e7imi, arac\u0131n genel g\u00f6r\u00fcn\u00fcm\u00fcn\u00fc tamamlar ve onu daha \u00e7ekici hale getirir. Bu yaz\u0131da, \u00e7ekici \u00e7amurluklar\u0131nda mevcut olan renk ve tasar\u0131m se\u00e7eneklerini inceleyece\u011fiz ve bu se\u00e7imlerin nas\u0131l yap\u0131laca\u011f\u0131na dair ipu\u00e7lar\u0131 sunaca\u011f\u0131z. 1. Renk Se\u00e7enekleri Renk [&hellip;]<\/p>\n","protected":false},"author":1,"featured_media":4345,"comment_status":"open","ping_status":"open","sticky":false,"template":"","format":"standard","meta":{"footnotes":""},"categories":[1],"tags":[],"class_list":["post-4299","post","type-post","status-publish","format-standard","has-post-thumbnail","hentry","category-genel"],"aioseo_notices":[],"_links":{"self":[{"href":"https:\/\/mcplastik.net\/en\/wp-json\/wp\/v2\/posts\/4299","targetHints":{"allow":["GET"]}}],"collection":[{"href":"https:\/\/mcplastik.net\/en\/wp-json\/wp\/v2\/posts"}],"about":[{"href":"https:\/\/mcplastik.net\/en\/wp-json\/wp\/v2\/types\/post"}],"author":[{"embeddable":true,"href":"https:\/\/mcplastik.net\/en\/wp-json\/wp\/v2\/users\/1"}],"replies":[{"embeddable":true,"href":"https:\/\/mcplastik.net\/en\/wp-json\/wp\/v2\/comments?post=4299"}],"version-history":[{"count":0,"href":"https:\/\/mcplastik.net\/en\/wp-json\/wp\/v2\/posts\/4299\/revisions"}],"wp:featuredmedia":[{"embeddable":true,"href":"https:\/\/mcplastik.net\/en\/wp-json\/wp\/v2\/media\/4345"}],"wp:attachment":[{"href":"https:\/\/mcplastik.net\/en\/wp-json\/wp\/v2\/media?parent=4299"}],"wp:term":[{"taxonomy":"category","embeddable":true,"href":"https:\/\/mcplastik.net\/en\/wp-json\/wp\/v2\/categories?post=4299"},{"taxonomy":"post_tag","embeddable":true,"href":"https:\/\/mcplastik.net\/en\/wp-json\/wp\/v2\/tags?post=4299"}],"curies":[{"name":"wp","href":"https:\/\/api.w.org\/{rel}","templated":true}]}}